{"id":46592,"date":"2023-11-01T09:41:05","date_gmt":"2023-11-01T13:41:05","guid":{"rendered":"https:\/\/cms.nautilusplus.com\/?p=46592"},"modified":"2023-11-10T11:18:26","modified_gmt":"2023-11-10T16:18:26","slug":"contribuer-a-un-quebec-plus-en-forme-et-en-sante-ca-vous-dit","status":"publish","type":"post","link":"https:\/\/www.nautilusplus.com\/fr\/contribuer-a-un-quebec-plus-en-forme-et-en-sante-ca-vous-dit\/","title":{"rendered":"Contribuer \u00e0 un Qu\u00e9bec plus en forme et en sant\u00e9, \u00e7a vous dit?"},"content":{"rendered":"\n<p>La toute premi\u00e8re \u00e9dition du \u00ab&nbsp;<strong>D\u00e9fi 150 minutes&nbsp;: c\u2019est la CLE<\/strong>&nbsp;\u00bb<strong> aura lieu la semaine du 20 novembre<\/strong> chez Nautilus Plus! Cette activit\u00e9 vise \u00e0 amasser des Fonds pour <a href=\"https:\/\/nouvelles.ulaval.ca\/2023\/09\/19\/luniversite-laval-se-dote-dune-chaire-pour-enseigner-la-promotion-des-saines-habitudes-de-vie-a:c9f08eae-ba8f-47fe-9364-ab6422b51537\">la nouvelle <em>Chaire de leadership en enseignement sur la promotion des saines habitudes de vie \u2013 Nautilus Plus<\/em> (CLE)<\/a> cr\u00e9\u00e9e par la Facult\u00e9 de m\u00e9decine de l\u2019Universit\u00e9 Laval. Et nous en sommes tr\u00e8s fiers !<\/p>\n\n\n\n<h2><strong>Une association naturelle<\/strong><\/h2>\n\n\n\n<p>Il y a d\u00e9j\u00e0 plus d\u2019un an, la Facult\u00e9 de m\u00e9decine de l\u2019Universit\u00e9 Laval, dont rel\u00e8ve le d\u00e9partement de kin\u00e9siologie, nous a approch\u00e9 pour la cr\u00e9ation de cette Chaire. <strong>Nautilus Plus<\/strong>, valorisant depuis tr\u00e8s longtemps la formation universitaire pour tous ses professionnels d\u2019encadrement, <strong>y a vu une opportunit\u00e9 en or; s\u2019associer \u00e0 une cause qui nous tient \u00e0 c\u0153ur et qui continue \u00e0 faire avancer le mieux-\u00eatre de la soci\u00e9t\u00e9<\/strong>. \u00c9videmment qu\u2019on allait dire oui!<\/p>\n\n\n\n<p>La science a d\u00e9montr\u00e9 que les saines habitudes contribuent \u00e0 la sant\u00e9 et pr\u00e9viennent la maladie. Toutefois, le d\u00e9fi demeure d\u2019en faire la plus grande promotion possible avec pour objectif l\u2019adoption des comportements souhaitables par le plus grand nombre de Qu\u00e9b\u00e9cois! La mission de cette Chaire, dirig\u00e9e par Kadia St-Onge, est <strong>d\u2019offrir un p\u00f4le de d\u00e9veloppement sur la promotion des saines habitudes de vie pour former des agents de changement qui auront un impact positif sur la sant\u00e9 durable<\/strong>.<\/p>\n\n\n\n<p>Cette association est donc tout \u00e0 fait naturelle. Avec plus de 300 professionnels de la sant\u00e9 \u0153uvrant dans ses installations, Nautilus Plus valorise depuis des d\u00e9cennies la formation de niveau universitaire pour toutes ses entra\u00eeneuses et tous ses entra\u00eeneurs personnels, kin\u00e9siologues et nutritionnistes. Leur expertise leur conf\u00e8re un niveau de connaissance et de comp\u00e9tence ind\u00e9niables pour offrir un accompagnement professionnel et attentif afin d\u2019aider \u00e0 int\u00e9grer de saines habitudes de vie de fa\u00e7on durable.&nbsp;<\/p>\n\n\n\n<h2><strong>Le r\u00f4le pr\u00e9cieux du kin\u00e9siologue<\/strong><\/h2>\n\n\n\n<p>Rappelons que le kin\u00e9siologue est un professionnel de la sant\u00e9 qui <strong>utilise l\u2019activit\u00e9 physique \u00e0 des fins de pr\u00e9vention, de traitement et de performance<\/strong>. Il est le seul professionnel de la sant\u00e9 qui intervient pour <strong>pr\u00e9venir plut\u00f4t que gu\u00e9rir <\/strong>et le seul qui est <strong>form\u00e9 en promotions des saines habitudes de vie<\/strong>. En am\u00e9liorant les savoirs de celui-ci, nous contribuons \u00e0 mettre en place les moyens n\u00e9cessaires pour que toute personne puisse int\u00e9grer des habitudes qui sont en accord avec ses choix et ses valeurs en plus d\u2019\u00eatre b\u00e9n\u00e9fiques \u00e0 sa sant\u00e9 et \u00e0 la sant\u00e9 durable.<\/p>\n\n\n\n<h2><strong>Objectifs de la CLE<\/strong><\/h2>\n\n\n\n<p>Plus sp\u00e9cifiquement, trois principaux objectifs sont poursuivis avec la CLE&nbsp;:<\/p>\n\n\n\n<ol type=\"1\">\n<li>La r\u00e9vision de l\u2019offre de cours des kin\u00e9siologues (au 1<sup>er<\/sup> et 2<sup>e<\/sup> cycle);<\/li>\n\n\n\n<li>La mobilisation et le transfert des connaissances;<\/li>\n\n\n\n<li>L\u2019avancement des connaissances.<\/li>\n<\/ol>\n\n\n\n<h2><strong>Qu\u2019est-ce que le \u00ab&nbsp;D\u00c9FI 150 minutes&nbsp;: C\u2019est la CLE&nbsp;\u00bb?<\/strong><\/h2>\n\n\n\n<p>Cette activit\u00e9 se d\u00e9roule la semaine du 20 au 26 novembre 2023 et prend place enti\u00e8rement chez Nautilus Plus. Nous ouvrirons nos portes gracieusement \u00e0 toute la population qui souhaite participer au D\u00e9fi!<\/p>\n\n\n<div class=\"wp-block-image\">\n<figure class=\"alignleft size-large is-resized\"><img decoding=\"async\" loading=\"lazy\" src=\"https:\/\/www.nautilusplus.com\/content\/uploads\/2023\/09\/logo-150-minutes-983x1024.png\" alt=\"\" class=\"wp-image-46436\" width=\"246\" height=\"256\" srcset=\"https:\/\/www.nautilusplus.com\/content\/uploads\/2023\/09\/logo-150-minutes-983x1024.png 983w, https:\/\/www.nautilusplus.com\/content\/uploads\/2023\/09\/logo-150-minutes-800x833.png 800w, https:\/\/www.nautilusplus.com\/content\/uploads\/2023\/09\/logo-150-minutes-768x800.png 768w, https:\/\/www.nautilusplus.com\/content\/uploads\/2023\/09\/logo-150-minutes-1475x1536.png 1475w, https:\/\/www.nautilusplus.com\/content\/uploads\/2023\/09\/logo-150-minutes-1967x2048.png 1967w\" sizes=\"(max-width: 246px) 100vw, 246px\" \/><\/figure><\/div>\n\n\n<p>L\u2019objectif du <strong>D\u00e9fi individuel<\/strong> consiste \u00e0 <strong>compl\u00e9ter 150 minutes d\u2019activit\u00e9 physique pendant la semaine<\/strong> et de <strong>terminer les derni\u00e8res minutes<\/strong> (environ 30 minutes) <strong>la journ\u00e9e officielle<\/strong> <strong>du d\u00e9fi,<\/strong> soit le dimanche 26 novembre*.<\/p>\n\n\n\n<p>Si vous optez pour le <strong>D\u00e9fi d\u2019\u00e9quipe<\/strong>, en \u00e9quipe de trois \u00e0 cinq personnes, l\u2019objectif est de compl\u00e9ter <strong>150 minutes d\u2019activit\u00e9 physique par membre de l\u2019\u00e9quipe la journ\u00e9e officielle du d\u00e9fi<\/strong>, soit le dimanche 26 novembre*. &nbsp;<\/p>\n\n\n\n<p><a href=\"https:\/\/www.zeffy.com\/fr-CA\/peer-to-peer\/8e3b298b-2c3b-4fcc-9f99-71e2cabac470\"><strong>Inscrivez-vous au d\u00e9fi juste ici!<\/strong><\/a><\/p>\n\n\n\n<p><strong>Pourquoi \u00ab\u00a0150 minutes\u00a0\u00bb?<\/strong> Car les grandes instances, dont la SCPE ainsi que l\u2019OMS, recommandent d\u2019atteindre hebdomadairement au moins 150 minutes d\u2019activit\u00e9 physique intense \u00e0 mod\u00e9r\u00e9e dans l\u2019int\u00e9r\u00eat de la sant\u00e9 et du bien-\u00eatre.<\/p>\n\n\n\n<p><strong>Pourquoi la \u00ab&nbsp;CLE&nbsp;\u00bb?<\/strong> Car il s\u2019agit de l\u2019acronyme donn\u00e9 \u00e0 la <strong>C<\/strong>haire de <strong>L<\/strong>eadership en <strong>E<\/strong>nseignement, qui sert d\u2019outil pour favoriser l\u2019enseignement et le d\u00e9veloppement de comp\u00e9tences dans un domaine cibl\u00e9 et jug\u00e9 prioritaire.<\/p>\n\n\n\n<h2><strong>O\u00f9 iront vos dons?<\/strong><\/h2>\n\n\n\n<p>En participant au d\u00e9fi individuel ou d\u2019\u00e9quipe, <strong>vous contribuerez \u00e0 un Qu\u00e9bec plus en forme et en sant\u00e9 avec Nautilus Plus<\/strong>! Oui, parce que tous les profits iront directement \u00e0 cette nouvelle CLE et serviront \u00e0 <strong>soutenir financi\u00e8rement la pr\u00e9vention et la promotion des saines habitudes de vie dans notre soci\u00e9t\u00e9<\/strong>.<\/p>\n\n\n\n<p class=\"has-text-align-left\"><strong><a href=\"\/fr\/150-minutes-cest-la-cle\/\">PAR ICI POUR LES D\u00c9TAILS<\/a><\/strong><\/p>\n\n\n\n<p>Nous vous remercions d\u2019avance pour votre soutien et votre contribution \u00e0 cette activit\u00e9! <\/p>\n\n\n\n<p>Au plaisir de vous retrouver dans nos installations la semaine du 20 novembre prochain!<\/p>\n\n\n\n<p>Ensemble, contribuons \u00e0 un Qu\u00e9bec plus en forme et en sant\u00e9!<\/p>\n\n\n\n<p class=\"has-small-font-size\">*La journ\u00e9e officielle se d\u00e9roulera exceptionnellement le lundi 27 novembre 2023 aux succursales Nautilus Plus suivantes&nbsp;: Place Montr\u00e9al Trust, Place Victoria, Place Ville Marie et Berri-UQAM.<\/p>\n","protected":false},"excerpt":{"rendered":"<p>La toute premi\u00e8re \u00e9dition du \u00ab&nbsp;D\u00e9fi 150 minutes&nbsp;: c\u2019est la CLE&nbsp;\u00bb aura lieu la semaine du 20 novembre chez Nautilus Plus! Cette activit\u00e9 vise \u00e0 amasser des Fonds pour la nouvelle Chaire de leadership en enseignement sur la promotion des saines habitudes de vie \u2013 Nautilus Plus (CLE) cr\u00e9\u00e9e par la Facult\u00e9 de m\u00e9decine de [&hellip;]<\/p>\n","protected":false},"author":3,"featured_media":46470,"comment_status":"open","ping_status":"open","sticky":false,"template":"","format":"standard","meta":[],"categories":[5683],"tags":[6631,1793,6629,4625,6630,1620,2394],"yoast_head":"<!-- This site is optimized with the Yoast SEO plugin v16.3 - https:\/\/yoast.com\/wordpress\/plugins\/seo\/ -->\r\n<meta name=\"description\" content=\"En participant au \u00ab D\u00e9fi 150 minutes : c&#039;est la CL\u00c9 \u00bb, vous contribuerez \u00e0 un Qu\u00e9bec plus en forme et en sant\u00e9 avec Nautilus Plus!\" \/>\r\n<meta name=\"robots\" content=\"index, follow, max-snippet:-1, max-image-preview:large, max-video-preview:-1\" \/>\r\n<link rel=\"canonical\" href=\"https:\/\/www.nautilusplus.com\/fr\/contribuer-a-un-quebec-plus-en-forme-et-en-sante-ca-vous-dit\/\" \/>\r\n<meta property=\"og:locale\" content=\"fr_FR\" \/>\r\n<meta property=\"og:type\" content=\"article\" \/>\r\n<meta property=\"og:title\" content=\"Contribuer \u00e0 un Qu\u00e9bec plus en forme et en sant\u00e9, \u00e7a vous dit?\" \/>\r\n<meta property=\"og:description\" content=\"En participant au \u00ab D\u00e9fi 150 minutes : c&#039;est la CL\u00c9 \u00bb, vous contribuerez \u00e0 un Qu\u00e9bec plus en forme et en sant\u00e9 avec Nautilus Plus!\" \/>\r\n<meta property=\"og:url\" content=\"https:\/\/www.nautilusplus.com\/fr\/contribuer-a-un-quebec-plus-en-forme-et-en-sante-ca-vous-dit\/\" \/>\r\n<meta property=\"og:site_name\" content=\"Nautilus Plus\" \/>\r\n<meta property=\"article:published_time\" content=\"2023-11-01T13:41:05+00:00\" \/>\r\n<meta property=\"article:modified_time\" content=\"2023-11-10T16:18:26+00:00\" \/>\r\n<meta property=\"og:image\" content=\"https:\/\/www.nautilusplus.com\/content\/uploads\/2023\/09\/DSC9722-scaled.jpg\" \/>\r\n\t<meta property=\"og:image:width\" content=\"2560\" \/>\r\n\t<meta property=\"og:image:height\" content=\"1707\" \/>\r\n<meta name=\"twitter:label1\" content=\"Est. reading time\">\n\t<meta name=\"twitter:data1\" content=\"4 minutes\">\r\n<script type=\"application\/ld+json\" class=\"yoast-schema-graph\">{\"@context\":\"https:\/\/schema.org\",\"@graph\":[{\"@type\":\"WebSite\",\"@id\":\"https:\/\/www.nautilusplus.com\/#website\",\"url\":\"https:\/\/www.nautilusplus.com\/\",\"name\":\"Nautilus Plus\",\"description\":\"Plus qu&#039;un gym\",\"potentialAction\":[{\"@type\":\"SearchAction\",\"target\":\"https:\/\/www.nautilusplus.com\/?s={search_term_string}\",\"query-input\":\"required name=search_term_string\"}],\"inLanguage\":\"fr-FR\"},{\"@type\":\"ImageObject\",\"@id\":\"https:\/\/www.nautilusplus.com\/fr\/contribuer-a-un-quebec-plus-en-forme-et-en-sante-ca-vous-dit\/#primaryimage\",\"inLanguage\":\"fr-FR\",\"url\":\"https:\/\/www.nautilusplus.com\/content\/uploads\/2023\/09\/DSC9722-scaled.jpg\",\"contentUrl\":\"https:\/\/www.nautilusplus.com\/content\/uploads\/2023\/09\/DSC9722-scaled.jpg\",\"width\":2560,\"height\":1707,\"caption\":\"contribuez-quebec-en-forme-defi-150minutes-cle\"},{\"@type\":\"WebPage\",\"@id\":\"https:\/\/www.nautilusplus.com\/fr\/contribuer-a-un-quebec-plus-en-forme-et-en-sante-ca-vous-dit\/#webpage\",\"url\":\"https:\/\/www.nautilusplus.com\/fr\/contribuer-a-un-quebec-plus-en-forme-et-en-sante-ca-vous-dit\/\",\"name\":\"Contribuer \\u00e0 un Qu\\u00e9bec plus en forme et en sant\\u00e9, \\u00e7a vous dit? - Nautilus Plus\",\"isPartOf\":{\"@id\":\"https:\/\/www.nautilusplus.com\/#website\"},\"primaryImageOfPage\":{\"@id\":\"https:\/\/www.nautilusplus.com\/fr\/contribuer-a-un-quebec-plus-en-forme-et-en-sante-ca-vous-dit\/#primaryimage\"},\"datePublished\":\"2023-11-01T13:41:05+00:00\",\"dateModified\":\"2023-11-10T16:18:26+00:00\",\"author\":{\"@id\":\"https:\/\/www.nautilusplus.com\/#\/schema\/person\/578de5cc1ad3531c97a36a683f4b5279\"},\"description\":\"En participant au \\u00ab D\\u00e9fi 150 minutes : c'est la CL\\u00c9 \\u00bb, vous contribuerez \\u00e0 un Qu\\u00e9bec plus en forme et en sant\\u00e9 avec Nautilus Plus!\",\"breadcrumb\":{\"@id\":\"https:\/\/www.nautilusplus.com\/fr\/contribuer-a-un-quebec-plus-en-forme-et-en-sante-ca-vous-dit\/#breadcrumb\"},\"inLanguage\":\"fr-FR\",\"potentialAction\":[{\"@type\":\"ReadAction\",\"target\":[\"https:\/\/www.nautilusplus.com\/fr\/contribuer-a-un-quebec-plus-en-forme-et-en-sante-ca-vous-dit\/\"]}]},{\"@type\":\"BreadcrumbList\",\"@id\":\"https:\/\/www.nautilusplus.com\/fr\/contribuer-a-un-quebec-plus-en-forme-et-en-sante-ca-vous-dit\/#breadcrumb\",\"itemListElement\":[{\"@type\":\"ListItem\",\"position\":1,\"item\":{\"@type\":\"WebPage\",\"@id\":\"https:\/\/www.nautilusplus.com\/fr\/\",\"url\":\"https:\/\/www.nautilusplus.com\/fr\/\",\"name\":\"Home\"}},{\"@type\":\"ListItem\",\"position\":2,\"item\":{\"@id\":\"https:\/\/www.nautilusplus.com\/fr\/contribuer-a-un-quebec-plus-en-forme-et-en-sante-ca-vous-dit\/#webpage\"}}]},{\"@type\":\"Person\",\"@id\":\"https:\/\/www.nautilusplus.com\/#\/schema\/person\/578de5cc1ad3531c97a36a683f4b5279\",\"name\":\"Karine Larose, M.Sc.\",\"image\":{\"@type\":\"ImageObject\",\"@id\":\"https:\/\/www.nautilusplus.com\/#personlogo\",\"inLanguage\":\"fr-FR\",\"url\":\"https:\/\/www.nautilusplus.com\/content\/uploads\/2021\/11\/karine-larose-96x96.jpg\",\"contentUrl\":\"https:\/\/www.nautilusplus.com\/content\/uploads\/2021\/11\/karine-larose-96x96.jpg\",\"caption\":\"Karine Larose, M.Sc.\"},\"description\":\"Karine Larose is a kinesiologist, Director of Marketing and Communications and Spokesperson for Nautilus Plus who specializes in fitness motivation. She authored The Guide to Healthier Living, penned the book 10-4 The Healthy Way to Lose 10 Pounds in 4 Weeks and released her third work called Zero Diet: Delicious and Healthy Recipes for Success, all by Les \\u00c9ditions du TR\\u00c9CARR\\u00c9. Karine has launched a series of exercise DVDs entitled 30 minutes par jour pour Vivre Plus and is featured on the ULTIME FIT online platform. Many TV shows and radio stations regularly request Karine\\u2019s point of view on physical exercise issues and points of interest.\",\"url\":\"https:\/\/www.nautilusplus.com\/fr\/author\/klarose\/\"}]}<\/script>\r\n<!-- \/ Yoast SEO plugin. -->","_links":{"self":[{"href":"https:\/\/www.nautilusplus.com\/fr\/wp-json\/wp\/v2\/posts\/46592"}],"collection":[{"href":"https:\/\/www.nautilusplus.com\/fr\/wp-json\/wp\/v2\/posts"}],"about":[{"href":"https:\/\/www.nautilusplus.com\/fr\/wp-json\/wp\/v2\/types\/post"}],"author":[{"embeddable":true,"href":"https:\/\/www.nautilusplus.com\/fr\/wp-json\/wp\/v2\/users\/3"}],"replies":[{"embeddable":true,"href":"https:\/\/www.nautilusplus.com\/fr\/wp-json\/wp\/v2\/comments?post=46592"}],"version-history":[{"count":0,"href":"https:\/\/www.nautilusplus.com\/fr\/wp-json\/wp\/v2\/posts\/46592\/revisions"}],"wp:featuredmedia":[{"embeddable":true,"href":"https:\/\/www.nautilusplus.com\/fr\/wp-json\/wp\/v2\/media\/46470"}],"wp:attachment":[{"href":"https:\/\/www.nautilusplus.com\/fr\/wp-json\/wp\/v2\/media?parent=46592"}],"wp:term":[{"taxonomy":"category","embeddable":true,"href":"https:\/\/www.nautilusplus.com\/fr\/wp-json\/wp\/v2\/categories?post=46592"},{"taxonomy":"post_tag","embeddable":true,"href":"https:\/\/www.nautilusplus.com\/fr\/wp-json\/wp\/v2\/tags?post=46592"}],"curies":[{"name":"wp","href":"https:\/\/api.w.org\/{rel}","templated":true}]}}