{"id":21714,"date":"2015-11-13T09:44:40","date_gmt":"2015-11-13T14:44:40","guid":{"rendered":"http:\/\/www.nautilusplus.com\/?p=21714"},"modified":"2022-02-03T10:46:51","modified_gmt":"2022-02-03T15:46:51","slug":"mon-oncle-comme-tu-nas-plus-de-grosse-bedaine-qui-fera-le-pere-noel-cette-annee","status":"publish","type":"post","link":"https:\/\/www.nautilusplus.com\/fr\/mon-oncle-comme-tu-nas-plus-de-grosse-bedaine-qui-fera-le-pere-noel-cette-annee\/","title":{"rendered":"\u00ab Mon oncle, comme tu n\u2019as plus de grosse bedaine, qui fera le P\u00e8re No\u00ebl cette ann\u00e9e ? \u00bb"},"content":{"rendered":"<p>En f\u00e9vrier dernier, j\u2019ai eu a rencontrer le m\u00e9decin pour mon bilan de sant\u00e9 annuel. Celle-ci m\u2019a conseill\u00e9 de ne pas prendre de REER, parce que de toute fa\u00e7on je ne vivrais pas assez vieux pour en r\u00e9colter les fruits. Pour quelques secondes, je croyais que je m\u2019\u00e9tais tromp\u00e9 de cabinet et que j\u2019\u00e9tais plut\u00f4t chez mon conseiller financier&#8230;<\/p>\n<p>Eh non! J\u2019\u00e9tais bel et bien chez mon m\u00e9decin. Avec un IMC (Indice de Masse Corporelle) avoisinant les 40 (ob\u00e9sit\u00e9 classe III &#8211; morbide), et donc faisant face \u00e0 des probl\u00e8mes d\u2019hypertension art\u00e9rielle et de lipid\u00e9mie anormale, la prochaine \u00e9tape probable serait de faire face \u00e0 des probl\u00e8mes de sant\u00e9 beaucoup plus graves tels que devenir diab\u00e9tique type II ou souffrir d\u2019une pathologie coronarienne. Ce diagnostic m\u2019a port\u00e9 \u00e0 r\u00e9fl\u00e9chir\u2026<\/p>\n<p>Mon entrain g\u00e9n\u00e9ral et mon humeur laissaient quelque peu \u00e0 d\u00e9sirer au bureau. Changer mon alimentation et introduire l\u2019activit\u00e9 physique dans ma routine quotidienne m\u2019a permis de pallier \u00e0 ces probl\u00e8mes.<\/p>\n<p>Bien s\u2019alimenter et faire de l\u2019exercice a eu un impact positif sur mon apparence et sur mon bien-\u00eatre int\u00e9rieur. En forme, la sant\u00e9 se refl\u00e8te dans notre sourire et dans notre expression. Nul besoin de dire que l\u2019on devient aussi plus attrayant\u2026 Je suis sans doute dans une meilleure position pour rencontrer une personne.<\/p>\n<p>Mais surtout, je peux vaquer \u00e0 toutes sortes d\u2019activit\u00e9s avec mes neveux et ni\u00e8ces sans avoir \u00e0 prendre de pause pour reprendre mon souffle! J\u2019ai gagn\u00e9 confiance en moi et j\u2019ai certainement ajout\u00e9 des ann\u00e9es au calendrier de ma vie, et de plus, ces ann\u00e9es seront de qualit\u00e9s!<\/p>\n<p>En continuant ma bonne alimentation et mon entrainement physique, je compte bien atteindre un poids de 180 livres. Dire qu\u2019en f\u00e9vrier dernier je pesais pr\u00e8s de 270 livres! \u00a0Je suis pr\u00e9sentement aux alentours de 215 livres. Il ne me reste plus qu\u2019une trentaine de livres \u00e0 perdre. Mais surtout, je veux garder la forme!<\/p>\n<p>Seule ombre au tableau\u00a0: mon plus jeune neveu (\u00e9tant encore d\u2019\u00e2ge \u00e0 croire aux personnages mythiques), observant ma perte de poids hebdomadaire s\u2019est exclam\u00e9\u00a0: \u00ab\u00a0Mon oncle, puisque tu n\u2019as plus de grosse bedaine, qui fera le P\u00e8re No\u00ebl le 25 d\u00e9cembre ?\u00bb<\/p>\n<p>&nbsp;<\/p>\n<p>Jean-Marc Benoit,\u00a0fait partie de la communaut\u00e9 des ENFORMIDABLES\u00a0: des gens qui se sont sorti de la s\u00e9dentarit\u00e9 (en forme) et nous inspirent par leur histoire (formidable) pour que nous devenions \u00e0 notre tour des \u00eatres enformidables!<\/p>\n<p><strong>Entra\u00eeneur Personnel:<\/strong> Claudia Meunier<br \/>\n<strong>Nutritionniste:\u00a0<\/strong>Kim Kieu et Marie Lyne Desch\u00eanes<br \/>\n<strong>Succursale:<\/strong> Terrebonne<\/p>\n<p>https:\/\/www.facebook.com\/lesenformidables\/<\/p>\n<h6><strong>*Clause de non-responsabilit\u00e9\u00a0: Notez que les r\u00e9sultats peuvent varier d\u2019une personne \u00e0 une autre. Nautilus Plus n\u2019est pas responsable de la validit\u00e9 des propos \u00e9nonc\u00e9s dans ce t\u00e9moignage.<\/strong><\/h6>\n","protected":false},"excerpt":{"rendered":"<p>En f\u00e9vrier dernier, j\u2019ai eu a rencontrer le m\u00e9decin pour mon bilan de sant\u00e9 annuel. Celle-ci m\u2019a conseill\u00e9 de ne pas prendre de REER, parce que de toute fa\u00e7on je ne vivrais pas assez vieux pour en r\u00e9colter les fruits. Pour quelques secondes, je croyais que je m\u2019\u00e9tais tromp\u00e9 de cabinet et que j\u2019\u00e9tais plut\u00f4t [&hellip;]<\/p>\n","protected":false},"author":29,"featured_media":21716,"comment_status":"open","ping_status":"open","sticky":false,"template":"","format":"standard","meta":[],"categories":[5674],"tags":[1761,4223,4224,4226,1672,4225,1321,1316],"yoast_head":"<!-- This site is optimized with the Yoast SEO plugin v16.3 - https:\/\/yoast.com\/wordpress\/plugins\/seo\/ -->\r\n<meta name=\"description\" content=\"En f\u00e9vrier dernier, j\u2019ai eu a rencontrer le m\u00e9decin pour mon bilan de sant\u00e9 annuel. Celle-ci m\u2019a conseill\u00e9 de ne pas prendre de REER, parce que de toute fa\u00e7on je ne vivrais pas assez vieux pour en r\u00e9colter les fruits. Pour quelques secondes, je croyais que je m\u2019\u00e9tais tromp\u00e9 de cabinet et que j\u2019\u00e9tais plut\u00f4t chez mon conseiller financier... Eh non ! J\u2019\u00e9tais bel et bien chez mon m\u00e9decin. Avec un IMC (Indice de Masse Corporelle) avoisinant les 40 (ob\u00e9sit\u00e9 classe III - morbide), et donc faisant face \u00e0 des probl\u00e8mes d\u2019hypertension art\u00e9rielle et de lipid\u00e9mie anormale, la prochaine \u00e9tape probable serait de faire face \u00e0 des probl\u00e8mes de sant\u00e9 beaucoup plus graves tels que devenir diab\u00e9tique type II ou souffrir d\u2019une pathologie coronarienne. Ce diagnostique m\u2019a port\u00e9 \u00e0 r\u00e9fl\u00e9chir\u2026\" \/>\r\n<meta name=\"robots\" content=\"index, follow, max-snippet:-1, max-image-preview:large, max-video-preview:-1\" \/>\r\n<link rel=\"canonical\" href=\"https:\/\/www.nautilusplus.com\/fr\/mon-oncle-comme-tu-nas-plus-de-grosse-bedaine-qui-fera-le-pere-noel-cette-annee\/\" \/>\r\n<meta property=\"og:locale\" content=\"fr_FR\" \/>\r\n<meta property=\"og:type\" content=\"article\" \/>\r\n<meta property=\"og:title\" content=\"\u00ab Mon oncle, comme tu n\u2019as plus de grosse bedaine, qui fera le P\u00e8re No\u00ebl cette ann\u00e9e ? \u00bb - Nautilus Plus\" \/>\r\n<meta property=\"og:description\" content=\"En f\u00e9vrier dernier, j\u2019ai eu a rencontrer le m\u00e9decin pour mon bilan de sant\u00e9 annuel. Celle-ci m\u2019a conseill\u00e9 de ne pas prendre de REER, parce que de toute fa\u00e7on je ne vivrais pas assez vieux pour en r\u00e9colter les fruits. Pour quelques secondes, je croyais que je m\u2019\u00e9tais tromp\u00e9 de cabinet et que j\u2019\u00e9tais plut\u00f4t chez mon conseiller financier... Eh non ! J\u2019\u00e9tais bel et bien chez mon m\u00e9decin. Avec un IMC (Indice de Masse Corporelle) avoisinant les 40 (ob\u00e9sit\u00e9 classe III - morbide), et donc faisant face \u00e0 des probl\u00e8mes d\u2019hypertension art\u00e9rielle et de lipid\u00e9mie anormale, la prochaine \u00e9tape probable serait de faire face \u00e0 des probl\u00e8mes de sant\u00e9 beaucoup plus graves tels que devenir diab\u00e9tique type II ou souffrir d\u2019une pathologie coronarienne. Ce diagnostique m\u2019a port\u00e9 \u00e0 r\u00e9fl\u00e9chir\u2026\" \/>\r\n<meta property=\"og:url\" content=\"https:\/\/www.nautilusplus.com\/fr\/mon-oncle-comme-tu-nas-plus-de-grosse-bedaine-qui-fera-le-pere-noel-cette-annee\/\" \/>\r\n<meta property=\"og:site_name\" content=\"Nautilus Plus\" \/>\r\n<meta property=\"article:author\" content=\"https:\/\/www.facebook.com\/lesenformidables?ref=hl\" \/>\r\n<meta property=\"article:published_time\" content=\"2015-11-13T14:44:40+00:00\" \/>\r\n<meta property=\"article:modified_time\" content=\"2022-02-03T15:46:51+00:00\" \/>\r\n<meta property=\"og:image\" content=\"https:\/\/www.nautilusplus.com\/content\/uploads\/2015\/11\/Photo-Jean-Marc-Benoit.jpg\" \/>\r\n\t<meta property=\"og:image:width\" content=\"480\" \/>\r\n\t<meta property=\"og:image:height\" content=\"640\" \/>\r\n<meta name=\"twitter:label1\" content=\"Est. reading time\">\n\t<meta name=\"twitter:data1\" content=\"3 minutes\">\r\n<script type=\"application\/ld+json\" class=\"yoast-schema-graph\">{\"@context\":\"https:\/\/schema.org\",\"@graph\":[{\"@type\":\"WebSite\",\"@id\":\"https:\/\/www.nautilusplus.com\/#website\",\"url\":\"https:\/\/www.nautilusplus.com\/\",\"name\":\"Nautilus Plus\",\"description\":\"Plus qu&#039;un gym\",\"potentialAction\":[{\"@type\":\"SearchAction\",\"target\":\"https:\/\/www.nautilusplus.com\/?s={search_term_string}\",\"query-input\":\"required name=search_term_string\"}],\"inLanguage\":\"fr-FR\"},{\"@type\":\"ImageObject\",\"@id\":\"https:\/\/www.nautilusplus.com\/fr\/mon-oncle-comme-tu-nas-plus-de-grosse-bedaine-qui-fera-le-pere-noel-cette-annee\/#primaryimage\",\"inLanguage\":\"fr-FR\",\"url\":\"https:\/\/www.nautilusplus.com\/content\/uploads\/2015\/11\/Photo-Jean-Marc-Benoit.jpg\",\"contentUrl\":\"https:\/\/www.nautilusplus.com\/content\/uploads\/2015\/11\/Photo-Jean-Marc-Benoit.jpg\",\"width\":480,\"height\":640},{\"@type\":\"WebPage\",\"@id\":\"https:\/\/www.nautilusplus.com\/fr\/mon-oncle-comme-tu-nas-plus-de-grosse-bedaine-qui-fera-le-pere-noel-cette-annee\/#webpage\",\"url\":\"https:\/\/www.nautilusplus.com\/fr\/mon-oncle-comme-tu-nas-plus-de-grosse-bedaine-qui-fera-le-pere-noel-cette-annee\/\",\"name\":\"\\u00ab Mon oncle, comme tu n\\u2019as plus de grosse bedaine, qui fera le P\\u00e8re No\\u00ebl cette ann\\u00e9e ? \\u00bb - Nautilus Plus\",\"isPartOf\":{\"@id\":\"https:\/\/www.nautilusplus.com\/#website\"},\"primaryImageOfPage\":{\"@id\":\"https:\/\/www.nautilusplus.com\/fr\/mon-oncle-comme-tu-nas-plus-de-grosse-bedaine-qui-fera-le-pere-noel-cette-annee\/#primaryimage\"},\"datePublished\":\"2015-11-13T14:44:40+00:00\",\"dateModified\":\"2022-02-03T15:46:51+00:00\",\"author\":{\"@id\":\"https:\/\/www.nautilusplus.com\/#\/schema\/person\/09626e503dbbf3810e1c2ecef12fdaa8\"},\"description\":\"En f\\u00e9vrier dernier, j\\u2019ai eu a rencontrer le m\\u00e9decin pour mon bilan de sant\\u00e9 annuel. Celle-ci m\\u2019a conseill\\u00e9 de ne pas prendre de REER, parce que de toute fa\\u00e7on je ne vivrais pas assez vieux pour en r\\u00e9colter les fruits. Pour quelques secondes, je croyais que je m\\u2019\\u00e9tais tromp\\u00e9 de cabinet et que j\\u2019\\u00e9tais plut\\u00f4t chez mon conseiller financier... Eh non ! J\\u2019\\u00e9tais bel et bien chez mon m\\u00e9decin. Avec un IMC (Indice de Masse Corporelle) avoisinant les 40 (ob\\u00e9sit\\u00e9 classe III - morbide), et donc faisant face \\u00e0 des probl\\u00e8mes d\\u2019hypertension art\\u00e9rielle et de lipid\\u00e9mie anormale, la prochaine \\u00e9tape probable serait de faire face \\u00e0 des probl\\u00e8mes de sant\\u00e9 beaucoup plus graves tels que devenir diab\\u00e9tique type II ou souffrir d\\u2019une pathologie coronarienne. Ce diagnostique m\\u2019a port\\u00e9 \\u00e0 r\\u00e9fl\\u00e9chir\\u2026\",\"breadcrumb\":{\"@id\":\"https:\/\/www.nautilusplus.com\/fr\/mon-oncle-comme-tu-nas-plus-de-grosse-bedaine-qui-fera-le-pere-noel-cette-annee\/#breadcrumb\"},\"inLanguage\":\"fr-FR\",\"potentialAction\":[{\"@type\":\"ReadAction\",\"target\":[\"https:\/\/www.nautilusplus.com\/fr\/mon-oncle-comme-tu-nas-plus-de-grosse-bedaine-qui-fera-le-pere-noel-cette-annee\/\"]}]},{\"@type\":\"BreadcrumbList\",\"@id\":\"https:\/\/www.nautilusplus.com\/fr\/mon-oncle-comme-tu-nas-plus-de-grosse-bedaine-qui-fera-le-pere-noel-cette-annee\/#breadcrumb\",\"itemListElement\":[{\"@type\":\"ListItem\",\"position\":1,\"item\":{\"@type\":\"WebPage\",\"@id\":\"https:\/\/www.nautilusplus.com\/fr\/\",\"url\":\"https:\/\/www.nautilusplus.com\/fr\/\",\"name\":\"Home\"}},{\"@type\":\"ListItem\",\"position\":2,\"item\":{\"@id\":\"https:\/\/www.nautilusplus.com\/fr\/mon-oncle-comme-tu-nas-plus-de-grosse-bedaine-qui-fera-le-pere-noel-cette-annee\/#webpage\"}}]},{\"@type\":\"Person\",\"@id\":\"https:\/\/www.nautilusplus.com\/#\/schema\/person\/09626e503dbbf3810e1c2ecef12fdaa8\",\"name\":\"Les Enformidables\",\"image\":{\"@type\":\"ImageObject\",\"@id\":\"https:\/\/www.nautilusplus.com\/#personlogo\",\"inLanguage\":\"fr-FR\",\"url\":\"https:\/\/www.nautilusplus.com\/content\/uploads\/2020\/03\/NautilusPlus_fond-bleu-96x96.jpg\",\"contentUrl\":\"https:\/\/www.nautilusplus.com\/content\/uploads\/2020\/03\/NautilusPlus_fond-bleu-96x96.jpg\",\"caption\":\"Les Enformidables\"},\"description\":\"LES ENFORMIDABLES, ce sont des gens qui un jour ont pris la d\\u00e9cision de mettre leur sant\\u00e9 en priorit\\u00e9 et de se prendre en main. \\u00c0 travers leurs t\\u00e9moignages, ils nous racontent leurs histoires, leurs cheminements et leurs r\\u00e9ussites. Ce sont des gens en forme. Ce qui les rend formidables, c\\u2019est qu\\u2019ils ont accompli une chose importante : sortir de la s\\u00e9dentarit\\u00e9. Mais le plus important, c\\u2019est que leurs exploits, petits ou grands, qu\\u2019ils sont fiers de partager avec nous, puissent nous inspirer pour que nous devenions \\u00e0 notre tour des \\u00eatres ENFORMIDABLES.\",\"sameAs\":[\"https:\/\/www.facebook.com\/lesenformidables?ref=hl\"],\"url\":\"https:\/\/www.nautilusplus.com\/fr\/author\/enformidables\/\"}]}<\/script>\r\n<!-- \/ Yoast SEO plugin. -->","_links":{"self":[{"href":"https:\/\/www.nautilusplus.com\/fr\/wp-json\/wp\/v2\/posts\/21714"}],"collection":[{"href":"https:\/\/www.nautilusplus.com\/fr\/wp-json\/wp\/v2\/posts"}],"about":[{"href":"https:\/\/www.nautilusplus.com\/fr\/wp-json\/wp\/v2\/types\/post"}],"author":[{"embeddable":true,"href":"https:\/\/www.nautilusplus.com\/fr\/wp-json\/wp\/v2\/users\/29"}],"replies":[{"embeddable":true,"href":"https:\/\/www.nautilusplus.com\/fr\/wp-json\/wp\/v2\/comments?post=21714"}],"version-history":[{"count":0,"href":"https:\/\/www.nautilusplus.com\/fr\/wp-json\/wp\/v2\/posts\/21714\/revisions"}],"wp:featuredmedia":[{"embeddable":true,"href":"https:\/\/www.nautilusplus.com\/fr\/wp-json\/wp\/v2\/media\/21716"}],"wp:attachment":[{"href":"https:\/\/www.nautilusplus.com\/fr\/wp-json\/wp\/v2\/media?parent=21714"}],"wp:term":[{"taxonomy":"category","embeddable":true,"href":"https:\/\/www.nautilusplus.com\/fr\/wp-json\/wp\/v2\/categories?post=21714"},{"taxonomy":"post_tag","embeddable":true,"href":"https:\/\/www.nautilusplus.com\/fr\/wp-json\/wp\/v2\/tags?post=21714"}],"curies":[{"name":"wp","href":"https:\/\/api.w.org\/{rel}","templated":true}]}}