{"id":21523,"date":"2015-10-21T10:06:22","date_gmt":"2015-10-21T14:06:22","guid":{"rendered":"http:\/\/www.nautilusplus.com\/?p=21523"},"modified":"2022-02-03T10:46:55","modified_gmt":"2022-02-03T15:46:55","slug":"javais-peur-du-regard-des-autres","status":"publish","type":"post","link":"https:\/\/www.nautilusplus.com\/fr\/javais-peur-du-regard-des-autres\/","title":{"rendered":"J\u2019avais peur du regard des autres."},"content":{"rendered":"<p>L&rsquo;ann\u00e9e 2014 a \u00e9t\u00e9 pour moi une ann\u00e9e tr\u00e8s difficile. La perte de deux \u00eatres chers qui avaient \u00e9t\u00e9 tr\u00e8s importants et tr\u00e8s pr\u00e9sents dans ma vie depuis ma tendre enfance m&rsquo;a fait r\u00e9aliser que la vie est bien fragile.<\/p>\n<p>Pour la plupart des vingt-cinq derni\u00e8res ann\u00e9es, je me suis occup\u00e9e de ma famille, de mon mari et de mes deux merveilleux fils. Le temps a pass\u00e9 et j&rsquo;ai r\u00e9alis\u00e9 que durant toutes ces ann\u00e9es, je m&rsquo;\u00e9tais oubli\u00e9e. J&rsquo;ai r\u00e9alis\u00e9 que je devais m&rsquo;occuper aussi de moi, de ma sant\u00e9 et de mon bien-\u00eatre. Ne pas pouvoir faire de sport et ne pas avoir d&rsquo;\u00e9nergie ni de motivation \u00e9taient ce qui me d\u00e9rangeait le plus. J&rsquo;ai tellement manqu\u00e9 de f\u00eates et d&rsquo;actions, car j&rsquo;\u00e9tais trop g\u00ean\u00e9e de mon apparence pour accepter les invitations d&rsquo;amis que je n&rsquo;avais pas revus depuis que j&rsquo;avais pris du poids. J&rsquo;avais honte de porter un maillot de bain devant des inconnus, et surtout devant mes proches. J&rsquo;avais peur du regard des autres. Durant de nombreuses ann\u00e9es, je me suis isol\u00e9e et en, quelque sorte, renferm\u00e9e sur moi-m\u00eame.<\/p>\n<p>Un beau jour, alors que je magasinais comme j&rsquo;aime tant le faire, j&rsquo;ai r\u00e9alis\u00e9 que je ne pouvais plus m&rsquo;acheter de v\u00eatements dans les boutiques r\u00e9guli\u00e8res. Un constat qui m&rsquo;a fait mal, mais qui m&rsquo;a aussi fait r\u00e9aliser que les choses devaient changer. \u00c7a m&rsquo;a incit\u00e9e \u00e0 poser des actions.\u00a0C\u2019est \u00e0 ce moment que, bien encadr\u00e9e par un entra\u00eeneur et une nutritionniste, j\u2019ai commenc\u00e9 \u00e0 me mettre en forme. Depuis, ma vie a tellement chang\u00e9! Wow! Je me sens tellement mieux dans mon corps et dans mon esprit. J&rsquo;ai beaucoup plus d&rsquo;\u00e9nergie et que dire de mon estime et de ma confiance en moi !<\/p>\n<p>Pour la premi\u00e8re fois dans ma vie, j\u2019ai couru un cinq kilom\u00e8tres et je pr\u00e9vois en courir un autre en octobre. Cet \u00e9t\u00e9, \u00e0 la plage, j&rsquo;ai m\u00eame port\u00e9 un bikini pour la premi\u00e8re fois depuis je ne sais m\u00eame pas dire quand! Je suis fi\u00e8re de mes accomplissements. Il me reste encore des livres \u00e0 perdre et du chemin \u00e0 parcourir, mais je suis tr\u00e8s confiante d&rsquo;arriver \u00e0 mon poids sant\u00e9 et de le maintenir. Et surtout, j&rsquo;ai confiance en l&rsquo;avenir car je sais que la vie a encore beaucoup \u00e0 m&rsquo;apporter.<\/p>\n<p>&nbsp;<\/p>\n<p>Yvonne Maillet,\u00a0fait partie de la communaut\u00e9 des ENFORMIDABLES\u00a0: des gens qui se sont sorti de la s\u00e9dentarit\u00e9 (en forme) et nous inspirent par leur histoire (formidable) pour que nous devenions \u00e0 notre tour des \u00eatres enformidables!<\/p>\n<p><strong>Entra\u00eeneur personnel:<\/strong> Sophie<br \/>\n<strong>Nutritionniste:<\/strong> Marie-Christine<br \/>\n<strong>Succursale:<\/strong> Beauport<\/p>\n<p><a href=\"https:\/\/www.facebook.com\/lesenformidables\">https:\/\/www.facebook.com\/lesenformidables<\/a><\/p>\n<h6><strong>*Clause de non-responsabilit\u00e9\u00a0: Notez que les r\u00e9sultats peuvent varier d\u2019une personne \u00e0 une autre. Nautilus Plus n\u2019est pas responsable de la validit\u00e9 des propos \u00e9nonc\u00e9s dans ce t\u00e9moignage.<\/strong><\/h6>\n","protected":false},"excerpt":{"rendered":"<p>L&rsquo;ann\u00e9e 2014 a \u00e9t\u00e9 pour moi une ann\u00e9e tr\u00e8s difficile. La perte de deux \u00eatres chers qui avaient \u00e9t\u00e9 tr\u00e8s importants et tr\u00e8s pr\u00e9sents dans ma vie depuis ma tendre enfance m&rsquo;a fait r\u00e9aliser que la vie est bien fragile. Pour la plupart des vingt-cinq derni\u00e8res ann\u00e9es, je me suis occup\u00e9e de ma famille, de [&hellip;]<\/p>\n","protected":false},"author":29,"featured_media":21525,"comment_status":"open","ping_status":"open","sticky":false,"template":"","format":"standard","meta":[],"categories":[5674],"tags":[5789,4028,1900,4161,1774,1321,4130,4160,1735],"yoast_head":"<!-- This site is optimized with the Yoast SEO plugin v16.3 - https:\/\/yoast.com\/wordpress\/plugins\/seo\/ -->\r\n<meta name=\"description\" content=\"L&#039;ann\u00e9e 2014 a \u00e9t\u00e9 pour moi une ann\u00e9e tr\u00e8s difficile. La perte de deux \u00eatres chers qui avaient \u00e9t\u00e9 tr\u00e8s importants et tr\u00e8s pr\u00e9sents dans ma vie depuis ma tendre enfance m&#039;a fait r\u00e9alis\u00e9 que la vie est bien fragile. Pour la plupart des vingt-cinq derni\u00e8res ann\u00e9es, je me suis occup\u00e9e de ma famille, de mon mari et de mes deux merveilleux fils. Le temps a pass\u00e9 et j&#039;ai r\u00e9alis\u00e9 que durant toutes ces ann\u00e9es, je m&#039;\u00e9tais oubli\u00e9e. J&#039;ai r\u00e9alis\u00e9 que je devais m&#039;occuper aussi de moi, de ma sant\u00e9 et de mon bien-\u00eatre. Ne pas pouvoir faire de sport et ne pas avoir d&#039;\u00e9nergie ni de motivation \u00e9taient ce qui me d\u00e9rangeait le plus. J&#039;ai tellement manqu\u00e9 de f\u00eates et d&#039;actions car j&#039;\u00e9tais trop g\u00ean\u00e9e de mon apparence pour accepter les invitations d&#039;amis que je n&#039;avais pas revus depuis que j&#039;avais pris du poids. J&#039;avais honte de porter un maillot de bain devant des inconnus, et surtout devant mes proches. J&#039;avais peur du regard des autres. Durant de nombreuses ann\u00e9es, je me suis isol\u00e9e et en, quelque sorte, renferm\u00e9e sur moi-m\u00eame.\" \/>\r\n<meta name=\"robots\" content=\"index, follow, max-snippet:-1, max-image-preview:large, max-video-preview:-1\" \/>\r\n<link rel=\"canonical\" href=\"https:\/\/www.nautilusplus.com\/fr\/javais-peur-du-regard-des-autres\/\" \/>\r\n<meta property=\"og:locale\" content=\"fr_FR\" \/>\r\n<meta property=\"og:type\" content=\"article\" \/>\r\n<meta property=\"og:title\" content=\"J\u2019avais peur du regard des autres. - Nautilus Plus\" \/>\r\n<meta property=\"og:description\" content=\"L&#039;ann\u00e9e 2014 a \u00e9t\u00e9 pour moi une ann\u00e9e tr\u00e8s difficile. La perte de deux \u00eatres chers qui avaient \u00e9t\u00e9 tr\u00e8s importants et tr\u00e8s pr\u00e9sents dans ma vie depuis ma tendre enfance m&#039;a fait r\u00e9alis\u00e9 que la vie est bien fragile. Pour la plupart des vingt-cinq derni\u00e8res ann\u00e9es, je me suis occup\u00e9e de ma famille, de mon mari et de mes deux merveilleux fils. Le temps a pass\u00e9 et j&#039;ai r\u00e9alis\u00e9 que durant toutes ces ann\u00e9es, je m&#039;\u00e9tais oubli\u00e9e. J&#039;ai r\u00e9alis\u00e9 que je devais m&#039;occuper aussi de moi, de ma sant\u00e9 et de mon bien-\u00eatre. Ne pas pouvoir faire de sport et ne pas avoir d&#039;\u00e9nergie ni de motivation \u00e9taient ce qui me d\u00e9rangeait le plus. J&#039;ai tellement manqu\u00e9 de f\u00eates et d&#039;actions car j&#039;\u00e9tais trop g\u00ean\u00e9e de mon apparence pour accepter les invitations d&#039;amis que je n&#039;avais pas revus depuis que j&#039;avais pris du poids. J&#039;avais honte de porter un maillot de bain devant des inconnus, et surtout devant mes proches. J&#039;avais peur du regard des autres. Durant de nombreuses ann\u00e9es, je me suis isol\u00e9e et en, quelque sorte, renferm\u00e9e sur moi-m\u00eame.\" \/>\r\n<meta property=\"og:url\" content=\"https:\/\/www.nautilusplus.com\/fr\/javais-peur-du-regard-des-autres\/\" \/>\r\n<meta property=\"og:site_name\" content=\"Nautilus Plus\" \/>\r\n<meta property=\"article:author\" content=\"https:\/\/www.facebook.com\/lesenformidables?ref=hl\" \/>\r\n<meta property=\"article:published_time\" content=\"2015-10-21T14:06:22+00:00\" \/>\r\n<meta property=\"article:modified_time\" content=\"2022-02-03T15:46:55+00:00\" \/>\r\n<meta property=\"og:image\" content=\"https:\/\/www.nautilusplus.com\/content\/uploads\/2015\/10\/Yvonne-Maillet.jpg\" \/>\r\n\t<meta property=\"og:image:width\" content=\"240\" \/>\r\n\t<meta property=\"og:image:height\" content=\"612\" \/>\r\n<meta name=\"twitter:label1\" content=\"Est. reading time\">\n\t<meta name=\"twitter:data1\" content=\"3 minutes\">\r\n<script type=\"application\/ld+json\" class=\"yoast-schema-graph\">{\"@context\":\"https:\/\/schema.org\",\"@graph\":[{\"@type\":\"WebSite\",\"@id\":\"https:\/\/www.nautilusplus.com\/#website\",\"url\":\"https:\/\/www.nautilusplus.com\/\",\"name\":\"Nautilus Plus\",\"description\":\"Plus qu&#039;un gym\",\"potentialAction\":[{\"@type\":\"SearchAction\",\"target\":\"https:\/\/www.nautilusplus.com\/?s={search_term_string}\",\"query-input\":\"required name=search_term_string\"}],\"inLanguage\":\"fr-FR\"},{\"@type\":\"ImageObject\",\"@id\":\"https:\/\/www.nautilusplus.com\/fr\/javais-peur-du-regard-des-autres\/#primaryimage\",\"inLanguage\":\"fr-FR\",\"url\":\"https:\/\/www.nautilusplus.com\/content\/uploads\/2015\/10\/Yvonne-Maillet.jpg\",\"contentUrl\":\"https:\/\/www.nautilusplus.com\/content\/uploads\/2015\/10\/Yvonne-Maillet.jpg\",\"width\":240,\"height\":612},{\"@type\":\"WebPage\",\"@id\":\"https:\/\/www.nautilusplus.com\/fr\/javais-peur-du-regard-des-autres\/#webpage\",\"url\":\"https:\/\/www.nautilusplus.com\/fr\/javais-peur-du-regard-des-autres\/\",\"name\":\"J\\u2019avais peur du regard des autres. - Nautilus Plus\",\"isPartOf\":{\"@id\":\"https:\/\/www.nautilusplus.com\/#website\"},\"primaryImageOfPage\":{\"@id\":\"https:\/\/www.nautilusplus.com\/fr\/javais-peur-du-regard-des-autres\/#primaryimage\"},\"datePublished\":\"2015-10-21T14:06:22+00:00\",\"dateModified\":\"2022-02-03T15:46:55+00:00\",\"author\":{\"@id\":\"https:\/\/www.nautilusplus.com\/#\/schema\/person\/09626e503dbbf3810e1c2ecef12fdaa8\"},\"description\":\"L'ann\\u00e9e 2014 a \\u00e9t\\u00e9 pour moi une ann\\u00e9e tr\\u00e8s difficile. La perte de deux \\u00eatres chers qui avaient \\u00e9t\\u00e9 tr\\u00e8s importants et tr\\u00e8s pr\\u00e9sents dans ma vie depuis ma tendre enfance m'a fait r\\u00e9alis\\u00e9 que la vie est bien fragile. Pour la plupart des vingt-cinq derni\\u00e8res ann\\u00e9es, je me suis occup\\u00e9e de ma famille, de mon mari et de mes deux merveilleux fils. Le temps a pass\\u00e9 et j'ai r\\u00e9alis\\u00e9 que durant toutes ces ann\\u00e9es, je m'\\u00e9tais oubli\\u00e9e. J'ai r\\u00e9alis\\u00e9 que je devais m'occuper aussi de moi, de ma sant\\u00e9 et de mon bien-\\u00eatre. Ne pas pouvoir faire de sport et ne pas avoir d'\\u00e9nergie ni de motivation \\u00e9taient ce qui me d\\u00e9rangeait le plus. J'ai tellement manqu\\u00e9 de f\\u00eates et d'actions car j'\\u00e9tais trop g\\u00ean\\u00e9e de mon apparence pour accepter les invitations d'amis que je n'avais pas revus depuis que j'avais pris du poids. J'avais honte de porter un maillot de bain devant des inconnus, et surtout devant mes proches. J'avais peur du regard des autres. Durant de nombreuses ann\\u00e9es, je me suis isol\\u00e9e et en, quelque sorte, renferm\\u00e9e sur moi-m\\u00eame.\",\"breadcrumb\":{\"@id\":\"https:\/\/www.nautilusplus.com\/fr\/javais-peur-du-regard-des-autres\/#breadcrumb\"},\"inLanguage\":\"fr-FR\",\"potentialAction\":[{\"@type\":\"ReadAction\",\"target\":[\"https:\/\/www.nautilusplus.com\/fr\/javais-peur-du-regard-des-autres\/\"]}]},{\"@type\":\"BreadcrumbList\",\"@id\":\"https:\/\/www.nautilusplus.com\/fr\/javais-peur-du-regard-des-autres\/#breadcrumb\",\"itemListElement\":[{\"@type\":\"ListItem\",\"position\":1,\"item\":{\"@type\":\"WebPage\",\"@id\":\"https:\/\/www.nautilusplus.com\/fr\/\",\"url\":\"https:\/\/www.nautilusplus.com\/fr\/\",\"name\":\"Home\"}},{\"@type\":\"ListItem\",\"position\":2,\"item\":{\"@id\":\"https:\/\/www.nautilusplus.com\/fr\/javais-peur-du-regard-des-autres\/#webpage\"}}]},{\"@type\":\"Person\",\"@id\":\"https:\/\/www.nautilusplus.com\/#\/schema\/person\/09626e503dbbf3810e1c2ecef12fdaa8\",\"name\":\"Les Enformidables\",\"image\":{\"@type\":\"ImageObject\",\"@id\":\"https:\/\/www.nautilusplus.com\/#personlogo\",\"inLanguage\":\"fr-FR\",\"url\":\"https:\/\/www.nautilusplus.com\/content\/uploads\/2020\/03\/NautilusPlus_fond-bleu-96x96.jpg\",\"contentUrl\":\"https:\/\/www.nautilusplus.com\/content\/uploads\/2020\/03\/NautilusPlus_fond-bleu-96x96.jpg\",\"caption\":\"Les Enformidables\"},\"description\":\"LES ENFORMIDABLES, ce sont des gens qui un jour ont pris la d\\u00e9cision de mettre leur sant\\u00e9 en priorit\\u00e9 et de se prendre en main. \\u00c0 travers leurs t\\u00e9moignages, ils nous racontent leurs histoires, leurs cheminements et leurs r\\u00e9ussites. Ce sont des gens en forme. Ce qui les rend formidables, c\\u2019est qu\\u2019ils ont accompli une chose importante : sortir de la s\\u00e9dentarit\\u00e9. Mais le plus important, c\\u2019est que leurs exploits, petits ou grands, qu\\u2019ils sont fiers de partager avec nous, puissent nous inspirer pour que nous devenions \\u00e0 notre tour des \\u00eatres ENFORMIDABLES.\",\"sameAs\":[\"https:\/\/www.facebook.com\/lesenformidables?ref=hl\"],\"url\":\"https:\/\/www.nautilusplus.com\/fr\/author\/enformidables\/\"}]}<\/script>\r\n<!-- \/ Yoast SEO plugin. -->","_links":{"self":[{"href":"https:\/\/www.nautilusplus.com\/fr\/wp-json\/wp\/v2\/posts\/21523"}],"collection":[{"href":"https:\/\/www.nautilusplus.com\/fr\/wp-json\/wp\/v2\/posts"}],"about":[{"href":"https:\/\/www.nautilusplus.com\/fr\/wp-json\/wp\/v2\/types\/post"}],"author":[{"embeddable":true,"href":"https:\/\/www.nautilusplus.com\/fr\/wp-json\/wp\/v2\/users\/29"}],"replies":[{"embeddable":true,"href":"https:\/\/www.nautilusplus.com\/fr\/wp-json\/wp\/v2\/comments?post=21523"}],"version-history":[{"count":0,"href":"https:\/\/www.nautilusplus.com\/fr\/wp-json\/wp\/v2\/posts\/21523\/revisions"}],"wp:featuredmedia":[{"embeddable":true,"href":"https:\/\/www.nautilusplus.com\/fr\/wp-json\/wp\/v2\/media\/21525"}],"wp:attachment":[{"href":"https:\/\/www.nautilusplus.com\/fr\/wp-json\/wp\/v2\/media?parent=21523"}],"wp:term":[{"taxonomy":"category","embeddable":true,"href":"https:\/\/www.nautilusplus.com\/fr\/wp-json\/wp\/v2\/categories?post=21523"},{"taxonomy":"post_tag","embeddable":true,"href":"https:\/\/www.nautilusplus.com\/fr\/wp-json\/wp\/v2\/tags?post=21523"}],"curies":[{"name":"wp","href":"https:\/\/api.w.org\/{rel}","templated":true}]}}